{"id":15427,"date":"2024-12-03T09:46:45","date_gmt":"2024-12-03T09:46:45","guid":{"rendered":"https:\/\/uamd.edu.al\/?p=15427"},"modified":"2024-12-05T09:00:48","modified_gmt":"2024-12-05T09:00:48","slug":"3-dhjetori-dita-nderkombetare-e-personave-me-aftesi-te-kufizuara","status":"publish","type":"post","link":"https:\/\/uamd.edu.al\/en\/3-dhjetori-dita-nderkombetare-e-personave-me-aftesi-te-kufizuara\/","title":{"rendered":"December 3 \u2013 International Day of Persons with Disabilities"},"content":{"rendered":"<p>Every year, on December 3, the world comes together to mark the International Day of Persons with Disabilities. This day is an excellent opportunity to reflect on the importance of creating an inclusive society and to raise awareness about the challenges and potential of individuals with disabilities. \u201cAleksand\u00ebr Moisiu\u201d University of Durr\u00ebs (UAMD), as an institution of higher education, strongly supports the principle of equality and inclusion, being an inspiring example for Albanian society.<\/p>\n\n\n\n<hr class=\"wp-block-separator has-alpha-channel-opacity\"\/>\n\n\n\n<h4 class=\"wp-block-heading\"><strong>Why is this day important?<\/strong><\/h4>\n\n\n\n<p>The International Day of Persons with Disabilities has been established by the United Nations since 1992 as a global call to promote the rights of these individuals and to foster equality. In Albania, this day takes on special significance, given the social and institutional challenges that still exist. As part of its mission, UAMD works to create an educational environment open to all, guaranteeing access and support for students with disabilities.<\/p>\n\n\n\n<hr class=\"wp-block-separator has-alpha-channel-opacity\"\/>\n\n\n\n<h4 class=\"wp-block-heading\"><strong>The main challenge for people with disabilities<\/strong><\/h4>\n\n\n\n<ol class=\"wp-block-list\">\n<li><strong>Discrimination and social prejudice<\/strong> In Albania, discrimination still poses a barrier for people with disabilities, affecting their employment and educational opportunities. UAMD aims to break down these barriers by promoting an inclusive culture within the campus.<\/li>\n\n\n\n<li><strong>Lack of accessibility<\/strong> Public spaces and infrastructure are often not adapted for individuals with special needs. UAMD is constantly working to improve its facilities, including dedicated equipment and other practical solutions.<\/li>\n\n\n\n<li><strong>Social isolation<\/strong> Lack of awareness in the community often keeps these individuals isolated. \u201cAleksand\u00ebr Moisiu\u201d University promotes activities and projects that encourage interaction and inclusion of all students.<\/li>\n<\/ol>\n\n\n\n<hr class=\"wp-block-separator has-alpha-channel-opacity\"\/>\n\n\n\n<h4 class=\"wp-block-heading\"><strong>The role of UAMD in creating an inclusive society<\/strong><\/h4>\n\n\n\n<p>As an educational institution, UAMD is committed to playing a key role in the inclusion of people with disabilities. Some of the initiatives the university is undertaking include:<\/p>\n\n\n\n<ul class=\"wp-block-list\">\n<li><strong>Infrastructure improvement:<\/strong> Ensuring easy access to auditoriums and laboratories for students with special needs.<\/li>\n\n\n\n<li><strong>Awareness trainings:<\/strong> Organizing trainings and seminars for staff and students to better understand and support individuals with disabilities.<\/li>\n\n\n\n<li><strong>Psychological and academic support:<\/strong> Providing personalized services for students facing special challenges.<\/li>\n<\/ul>\n\n\n\n<hr class=\"wp-block-separator has-alpha-channel-opacity\"\/>\n\n\n\n<h4 class=\"wp-block-heading\"><strong>UAMD's message for this day<\/strong><\/h4>\n\n\n\n<p>On this December 3, \u201cAleksand\u00ebr Moisiu\u201d University calls for unity and solidarity. Let us together be the voice of change and support for those in need. We believe that every student, regardless of their abilities, has a valuable contribution to make to society. Together, we can create a more just and opportunity-filled environment for all.<\/p>\n\n\n\n<hr class=\"wp-block-separator has-alpha-channel-opacity\"\/>\n\n\n\n<h4 class=\"wp-block-heading\"><strong>CONCLUSiON<\/strong><\/h4>\n\n\n\n<p>The International Day of Persons with Disabilities is not only a moment for reflection, but also an opportunity for action. \u201cAleksand\u00ebr Moisiu\u201d University remains committed to building an inclusive educational environment, where every individual feels welcome and supported. Let us unite for a future without barriers, where diversity is seen as a strength and not an obstacle.<\/p>\n\n\n\n<p>If you would like to learn more about UAMD's efforts to include and support students with disabilities, visit <a href=\"https:\/\/uamd.edu.al\/en\/\">www.uamd.edu.al<\/a>.<\/p>","protected":false},"excerpt":{"rendered":"<p>\u00c7do vit, m\u00eb 3 dhjetor, bota bashkohet p\u00ebr t\u00eb sh\u00ebnuar Dit\u00ebn Nd\u00ebrkomb\u00ebtare t\u00eb Personave me Aft\u00ebsi t\u00eb Kufizuara. Kjo dit\u00eb [&hellip;]<\/p>\n","protected":false},"author":1,"featured_media":15428,"comment_status":"closed","ping_status":"closed","sticky":false,"template":"","format":"standard","meta":{"footnotes":""},"categories":[1],"tags":[],"class_list":["post-15427","post","type-post","status-publish","format-standard","has-post-thumbnail","hentry","category-lajme_uamd"],"yoast_head":"<!-- This site is optimized with the Yoast SEO plugin v27.4 - https:\/\/yoast.com\/product\/yoast-seo-wordpress\/ -->\n<title>3 Dhjetori - Dita Nd\u00ebrkomb\u00ebtare e Personave me Aft\u00ebsi t\u00eb Kufizuara - Universiteti &quot;Aleksand\u00ebr Moisiu&quot;<\/title>\n<meta name=\"robots\" content=\"index, follow, max-snippet:-1, max-image-preview:large, max-video-preview:-1\" \/>\n<link rel=\"canonical\" href=\"https:\/\/uamd.edu.al\/en\/3-dhjetori-dita-nderkombetare-e-personave-me-aftesi-te-kufizuara\/\" \/>\n<meta property=\"og:locale\" content=\"en_US\" \/>\n<meta property=\"og:type\" content=\"article\" \/>\n<meta property=\"og:title\" content=\"3 Dhjetori - Dita Nd\u00ebrkomb\u00ebtare e Personave me Aft\u00ebsi t\u00eb Kufizuara - Universiteti &quot;Aleksand\u00ebr Moisiu&quot;\" \/>\n<meta property=\"og:description\" content=\"\u00c7do vit, m\u00eb 3 dhjetor, bota bashkohet p\u00ebr t\u00eb sh\u00ebnuar Dit\u00ebn Nd\u00ebrkomb\u00ebtare t\u00eb Personave me Aft\u00ebsi t\u00eb Kufizuara. Kjo dit\u00eb [&hellip;]\" \/>\n<meta property=\"og:url\" content=\"https:\/\/uamd.edu.al\/en\/3-dhjetori-dita-nderkombetare-e-personave-me-aftesi-te-kufizuara\/\" \/>\n<meta property=\"og:site_name\" content=\"Universiteti &quot;Aleksand\u00ebr Moisiu&quot;\" \/>\n<meta property=\"article:publisher\" content=\"https:\/\/www.instagram.com\/uamdofficial\/\" \/>\n<meta property=\"article:published_time\" content=\"2024-12-03T09:46:45+00:00\" \/>\n<meta property=\"article:modified_time\" content=\"2024-12-05T09:00:48+00:00\" \/>\n<meta property=\"og:image\" content=\"https:\/\/uamd.edu.al\/wp-content\/uploads\/2024\/12\/WhatsApp-Image-2024-12-05-at-09.41.47.jpeg\" \/>\n\t<meta property=\"og:image:width\" content=\"1280\" \/>\n\t<meta property=\"og:image:height\" content=\"1280\" \/>\n\t<meta property=\"og:image:type\" content=\"image\/jpeg\" \/>\n<meta name=\"author\" content=\"UAMD\" \/>\n<meta name=\"twitter:card\" content=\"summary_large_image\" \/>\n<meta name=\"twitter:creator\" content=\"@UAMDofficial\" \/>\n<meta name=\"twitter:site\" content=\"@UAMDofficial\" \/>\n<meta name=\"twitter:label1\" content=\"Written by\" \/>\n\t<meta name=\"twitter:data1\" content=\"UAMD\" \/>\n\t<meta name=\"twitter:label2\" content=\"Est. reading time\" \/>\n\t<meta name=\"twitter:data2\" content=\"3 minutes\" \/>\n<script type=\"application\/ld+json\" class=\"yoast-schema-graph\">{\"@context\":\"https:\\\/\\\/schema.org\",\"@graph\":[{\"@type\":\"Article\",\"@id\":\"https:\\\/\\\/uamd.edu.al\\\/3-dhjetori-dita-nderkombetare-e-personave-me-aftesi-te-kufizuara\\\/#article\",\"isPartOf\":{\"@id\":\"https:\\\/\\\/uamd.edu.al\\\/3-dhjetori-dita-nderkombetare-e-personave-me-aftesi-te-kufizuara\\\/\"},\"author\":{\"name\":\"UAMD\",\"@id\":\"https:\\\/\\\/uamd.edu.al\\\/#\\\/schema\\\/person\\\/a076a4b747e927966feea92dc24a8d09\"},\"headline\":\"3 Dhjetori &#8211; Dita Nd\u00ebrkomb\u00ebtare e Personave me Aft\u00ebsi t\u00eb Kufizuara\",\"datePublished\":\"2024-12-03T09:46:45+00:00\",\"dateModified\":\"2024-12-05T09:00:48+00:00\",\"mainEntityOfPage\":{\"@id\":\"https:\\\/\\\/uamd.edu.al\\\/3-dhjetori-dita-nderkombetare-e-personave-me-aftesi-te-kufizuara\\\/\"},\"wordCount\":707,\"publisher\":{\"@id\":\"https:\\\/\\\/uamd.edu.al\\\/#organization\"},\"image\":{\"@id\":\"https:\\\/\\\/uamd.edu.al\\\/3-dhjetori-dita-nderkombetare-e-personave-me-aftesi-te-kufizuara\\\/#primaryimage\"},\"thumbnailUrl\":\"https:\\\/\\\/uamd.edu.al\\\/wp-content\\\/uploads\\\/2024\\\/12\\\/WhatsApp-Image-2024-12-05-at-09.41.47.jpeg\",\"articleSection\":[\"Lajme\"],\"inLanguage\":\"en-US\"},{\"@type\":\"WebPage\",\"@id\":\"https:\\\/\\\/uamd.edu.al\\\/3-dhjetori-dita-nderkombetare-e-personave-me-aftesi-te-kufizuara\\\/\",\"url\":\"https:\\\/\\\/uamd.edu.al\\\/3-dhjetori-dita-nderkombetare-e-personave-me-aftesi-te-kufizuara\\\/\",\"name\":\"3 Dhjetori - Dita Nd\u00ebrkomb\u00ebtare e Personave me Aft\u00ebsi t\u00eb Kufizuara - Universiteti &quot;Aleksand\u00ebr Moisiu&quot;\",\"isPartOf\":{\"@id\":\"https:\\\/\\\/uamd.edu.al\\\/#website\"},\"primaryImageOfPage\":{\"@id\":\"https:\\\/\\\/uamd.edu.al\\\/3-dhjetori-dita-nderkombetare-e-personave-me-aftesi-te-kufizuara\\\/#primaryimage\"},\"image\":{\"@id\":\"https:\\\/\\\/uamd.edu.al\\\/3-dhjetori-dita-nderkombetare-e-personave-me-aftesi-te-kufizuara\\\/#primaryimage\"},\"thumbnailUrl\":\"https:\\\/\\\/uamd.edu.al\\\/wp-content\\\/uploads\\\/2024\\\/12\\\/WhatsApp-Image-2024-12-05-at-09.41.47.jpeg\",\"datePublished\":\"2024-12-03T09:46:45+00:00\",\"dateModified\":\"2024-12-05T09:00:48+00:00\",\"breadcrumb\":{\"@id\":\"https:\\\/\\\/uamd.edu.al\\\/3-dhjetori-dita-nderkombetare-e-personave-me-aftesi-te-kufizuara\\\/#breadcrumb\"},\"inLanguage\":\"en-US\",\"potentialAction\":[{\"@type\":\"ReadAction\",\"target\":[\"https:\\\/\\\/uamd.edu.al\\\/3-dhjetori-dita-nderkombetare-e-personave-me-aftesi-te-kufizuara\\\/\"]}]},{\"@type\":\"ImageObject\",\"inLanguage\":\"en-US\",\"@id\":\"https:\\\/\\\/uamd.edu.al\\\/3-dhjetori-dita-nderkombetare-e-personave-me-aftesi-te-kufizuara\\\/#primaryimage\",\"url\":\"https:\\\/\\\/uamd.edu.al\\\/wp-content\\\/uploads\\\/2024\\\/12\\\/WhatsApp-Image-2024-12-05-at-09.41.47.jpeg\",\"contentUrl\":\"https:\\\/\\\/uamd.edu.al\\\/wp-content\\\/uploads\\\/2024\\\/12\\\/WhatsApp-Image-2024-12-05-at-09.41.47.jpeg\",\"width\":1280,\"height\":1280},{\"@type\":\"BreadcrumbList\",\"@id\":\"https:\\\/\\\/uamd.edu.al\\\/3-dhjetori-dita-nderkombetare-e-personave-me-aftesi-te-kufizuara\\\/#breadcrumb\",\"itemListElement\":[{\"@type\":\"ListItem\",\"position\":1,\"name\":\"Home\",\"item\":\"https:\\\/\\\/uamd.edu.al\\\/\"},{\"@type\":\"ListItem\",\"position\":2,\"name\":\"3 Dhjetori &#8211; Dita Nd\u00ebrkomb\u00ebtare e Personave me Aft\u00ebsi t\u00eb Kufizuara\"}]},{\"@type\":\"WebSite\",\"@id\":\"https:\\\/\\\/uamd.edu.al\\\/#website\",\"url\":\"https:\\\/\\\/uamd.edu.al\\\/\",\"name\":\"Universiteti &quot;Aleksand\u00ebr Moisiu&quot;\",\"description\":\"\",\"publisher\":{\"@id\":\"https:\\\/\\\/uamd.edu.al\\\/#organization\"},\"potentialAction\":[{\"@type\":\"SearchAction\",\"target\":{\"@type\":\"EntryPoint\",\"urlTemplate\":\"https:\\\/\\\/uamd.edu.al\\\/?s={search_term_string}\"},\"query-input\":{\"@type\":\"PropertyValueSpecification\",\"valueRequired\":true,\"valueName\":\"search_term_string\"}}],\"inLanguage\":\"en-US\"},{\"@type\":\"Organization\",\"@id\":\"https:\\\/\\\/uamd.edu.al\\\/#organization\",\"name\":\"Universiteti Aleksand\u00ebr Moisiu\",\"url\":\"https:\\\/\\\/uamd.edu.al\\\/\",\"logo\":{\"@type\":\"ImageObject\",\"inLanguage\":\"en-US\",\"@id\":\"https:\\\/\\\/uamd.edu.al\\\/#\\\/schema\\\/logo\\\/image\\\/\",\"url\":\"https:\\\/\\\/uamd.edu.al\\\/wp-content\\\/uploads\\\/2022\\\/07\\\/cropped-Universiteti_i_Durresit__Aleksander_Moisiu_.svg.png\",\"contentUrl\":\"https:\\\/\\\/uamd.edu.al\\\/wp-content\\\/uploads\\\/2022\\\/07\\\/cropped-Universiteti_i_Durresit__Aleksander_Moisiu_.svg.png\",\"width\":512,\"height\":512,\"caption\":\"Universiteti Aleksand\u00ebr Moisiu\"},\"image\":{\"@id\":\"https:\\\/\\\/uamd.edu.al\\\/#\\\/schema\\\/logo\\\/image\\\/\"},\"sameAs\":[\"https:\\\/\\\/www.instagram.com\\\/uamdofficial\\\/\",\"https:\\\/\\\/x.com\\\/UAMDofficial\"]},{\"@type\":\"Person\",\"@id\":\"https:\\\/\\\/uamd.edu.al\\\/#\\\/schema\\\/person\\\/a076a4b747e927966feea92dc24a8d09\",\"name\":\"UAMD\",\"image\":{\"@type\":\"ImageObject\",\"inLanguage\":\"en-US\",\"@id\":\"https:\\\/\\\/secure.gravatar.com\\\/avatar\\\/fd78eebb23a69dd7e845854fcdb6f30474b639ec8c06379404de68231e01a95a?s=96&d=mm&r=g\",\"url\":\"https:\\\/\\\/secure.gravatar.com\\\/avatar\\\/fd78eebb23a69dd7e845854fcdb6f30474b639ec8c06379404de68231e01a95a?s=96&d=mm&r=g\",\"contentUrl\":\"https:\\\/\\\/secure.gravatar.com\\\/avatar\\\/fd78eebb23a69dd7e845854fcdb6f30474b639ec8c06379404de68231e01a95a?s=96&d=mm&r=g\",\"caption\":\"UAMD\"},\"sameAs\":[\"http:\\\/\\\/uamd.edu.al\\\/\"],\"url\":\"https:\\\/\\\/uamd.edu.al\\\/en\\\/author\\\/uamd_admin\\\/\"}]}<\/script>\n<!-- \/ Yoast SEO plugin. -->","yoast_head_json":{"title":"3 Dhjetori - Dita Nd\u00ebrkomb\u00ebtare e Personave me Aft\u00ebsi t\u00eb Kufizuara - Universiteti &quot;Aleksand\u00ebr Moisiu&quot;","robots":{"index":"index","follow":"follow","max-snippet":"max-snippet:-1","max-image-preview":"max-image-preview:large","max-video-preview":"max-video-preview:-1"},"canonical":"https:\/\/uamd.edu.al\/en\/3-dhjetori-dita-nderkombetare-e-personave-me-aftesi-te-kufizuara\/","og_locale":"en_US","og_type":"article","og_title":"3 Dhjetori - Dita Nd\u00ebrkomb\u00ebtare e Personave me Aft\u00ebsi t\u00eb Kufizuara - Universiteti &quot;Aleksand\u00ebr Moisiu&quot;","og_description":"\u00c7do vit, m\u00eb 3 dhjetor, bota bashkohet p\u00ebr t\u00eb sh\u00ebnuar Dit\u00ebn Nd\u00ebrkomb\u00ebtare t\u00eb Personave me Aft\u00ebsi t\u00eb Kufizuara. Kjo dit\u00eb [&hellip;]","og_url":"https:\/\/uamd.edu.al\/en\/3-dhjetori-dita-nderkombetare-e-personave-me-aftesi-te-kufizuara\/","og_site_name":"Universiteti &quot;Aleksand\u00ebr Moisiu&quot;","article_publisher":"https:\/\/www.instagram.com\/uamdofficial\/","article_published_time":"2024-12-03T09:46:45+00:00","article_modified_time":"2024-12-05T09:00:48+00:00","og_image":[{"width":1280,"height":1280,"url":"https:\/\/uamd.edu.al\/wp-content\/uploads\/2024\/12\/WhatsApp-Image-2024-12-05-at-09.41.47.jpeg","type":"image\/jpeg"}],"author":"UAMD","twitter_card":"summary_large_image","twitter_creator":"@UAMDofficial","twitter_site":"@UAMDofficial","twitter_misc":{"Written by":"UAMD","Est. reading time":"3 minutes"},"schema":{"@context":"https:\/\/schema.org","@graph":[{"@type":"Article","@id":"https:\/\/uamd.edu.al\/3-dhjetori-dita-nderkombetare-e-personave-me-aftesi-te-kufizuara\/#article","isPartOf":{"@id":"https:\/\/uamd.edu.al\/3-dhjetori-dita-nderkombetare-e-personave-me-aftesi-te-kufizuara\/"},"author":{"name":"UAMD","@id":"https:\/\/uamd.edu.al\/#\/schema\/person\/a076a4b747e927966feea92dc24a8d09"},"headline":"3 Dhjetori &#8211; Dita Nd\u00ebrkomb\u00ebtare e Personave me Aft\u00ebsi t\u00eb Kufizuara","datePublished":"2024-12-03T09:46:45+00:00","dateModified":"2024-12-05T09:00:48+00:00","mainEntityOfPage":{"@id":"https:\/\/uamd.edu.al\/3-dhjetori-dita-nderkombetare-e-personave-me-aftesi-te-kufizuara\/"},"wordCount":707,"publisher":{"@id":"https:\/\/uamd.edu.al\/#organization"},"image":{"@id":"https:\/\/uamd.edu.al\/3-dhjetori-dita-nderkombetare-e-personave-me-aftesi-te-kufizuara\/#primaryimage"},"thumbnailUrl":"https:\/\/uamd.edu.al\/wp-content\/uploads\/2024\/12\/WhatsApp-Image-2024-12-05-at-09.41.47.jpeg","articleSection":["Lajme"],"inLanguage":"en-US"},{"@type":"WebPage","@id":"https:\/\/uamd.edu.al\/3-dhjetori-dita-nderkombetare-e-personave-me-aftesi-te-kufizuara\/","url":"https:\/\/uamd.edu.al\/3-dhjetori-dita-nderkombetare-e-personave-me-aftesi-te-kufizuara\/","name":"3 Dhjetori - Dita Nd\u00ebrkomb\u00ebtare e Personave me Aft\u00ebsi t\u00eb Kufizuara - Universiteti &quot;Aleksand\u00ebr Moisiu&quot;","isPartOf":{"@id":"https:\/\/uamd.edu.al\/#website"},"primaryImageOfPage":{"@id":"https:\/\/uamd.edu.al\/3-dhjetori-dita-nderkombetare-e-personave-me-aftesi-te-kufizuara\/#primaryimage"},"image":{"@id":"https:\/\/uamd.edu.al\/3-dhjetori-dita-nderkombetare-e-personave-me-aftesi-te-kufizuara\/#primaryimage"},"thumbnailUrl":"https:\/\/uamd.edu.al\/wp-content\/uploads\/2024\/12\/WhatsApp-Image-2024-12-05-at-09.41.47.jpeg","datePublished":"2024-12-03T09:46:45+00:00","dateModified":"2024-12-05T09:00:48+00:00","breadcrumb":{"@id":"https:\/\/uamd.edu.al\/3-dhjetori-dita-nderkombetare-e-personave-me-aftesi-te-kufizuara\/#breadcrumb"},"inLanguage":"en-US","potentialAction":[{"@type":"ReadAction","target":["https:\/\/uamd.edu.al\/3-dhjetori-dita-nderkombetare-e-personave-me-aftesi-te-kufizuara\/"]}]},{"@type":"ImageObject","inLanguage":"en-US","@id":"https:\/\/uamd.edu.al\/3-dhjetori-dita-nderkombetare-e-personave-me-aftesi-te-kufizuara\/#primaryimage","url":"https:\/\/uamd.edu.al\/wp-content\/uploads\/2024\/12\/WhatsApp-Image-2024-12-05-at-09.41.47.jpeg","contentUrl":"https:\/\/uamd.edu.al\/wp-content\/uploads\/2024\/12\/WhatsApp-Image-2024-12-05-at-09.41.47.jpeg","width":1280,"height":1280},{"@type":"BreadcrumbList","@id":"https:\/\/uamd.edu.al\/3-dhjetori-dita-nderkombetare-e-personave-me-aftesi-te-kufizuara\/#breadcrumb","itemListElement":[{"@type":"ListItem","position":1,"name":"Home","item":"https:\/\/uamd.edu.al\/"},{"@type":"ListItem","position":2,"name":"3 Dhjetori &#8211; Dita Nd\u00ebrkomb\u00ebtare e Personave me Aft\u00ebsi t\u00eb Kufizuara"}]},{"@type":"WebSite","@id":"https:\/\/uamd.edu.al\/#website","url":"https:\/\/uamd.edu.al\/","name":"Universiteti &quot;Aleksand\u00ebr Moisiu&quot;","description":"","publisher":{"@id":"https:\/\/uamd.edu.al\/#organization"},"potentialAction":[{"@type":"SearchAction","target":{"@type":"EntryPoint","urlTemplate":"https:\/\/uamd.edu.al\/?s={search_term_string}"},"query-input":{"@type":"PropertyValueSpecification","valueRequired":true,"valueName":"search_term_string"}}],"inLanguage":"en-US"},{"@type":"Organization","@id":"https:\/\/uamd.edu.al\/#organization","name":"Universiteti Aleksand\u00ebr Moisiu","url":"https:\/\/uamd.edu.al\/","logo":{"@type":"ImageObject","inLanguage":"en-US","@id":"https:\/\/uamd.edu.al\/#\/schema\/logo\/image\/","url":"https:\/\/uamd.edu.al\/wp-content\/uploads\/2022\/07\/cropped-Universiteti_i_Durresit__Aleksander_Moisiu_.svg.png","contentUrl":"https:\/\/uamd.edu.al\/wp-content\/uploads\/2022\/07\/cropped-Universiteti_i_Durresit__Aleksander_Moisiu_.svg.png","width":512,"height":512,"caption":"Universiteti Aleksand\u00ebr Moisiu"},"image":{"@id":"https:\/\/uamd.edu.al\/#\/schema\/logo\/image\/"},"sameAs":["https:\/\/www.instagram.com\/uamdofficial\/","https:\/\/x.com\/UAMDofficial"]},{"@type":"Person","@id":"https:\/\/uamd.edu.al\/#\/schema\/person\/a076a4b747e927966feea92dc24a8d09","name":"UAMD","image":{"@type":"ImageObject","inLanguage":"en-US","@id":"https:\/\/secure.gravatar.com\/avatar\/fd78eebb23a69dd7e845854fcdb6f30474b639ec8c06379404de68231e01a95a?s=96&d=mm&r=g","url":"https:\/\/secure.gravatar.com\/avatar\/fd78eebb23a69dd7e845854fcdb6f30474b639ec8c06379404de68231e01a95a?s=96&d=mm&r=g","contentUrl":"https:\/\/secure.gravatar.com\/avatar\/fd78eebb23a69dd7e845854fcdb6f30474b639ec8c06379404de68231e01a95a?s=96&d=mm&r=g","caption":"UAMD"},"sameAs":["http:\/\/uamd.edu.al\/"],"url":"https:\/\/uamd.edu.al\/en\/author\/uamd_admin\/"}]}},"_links":{"self":[{"href":"https:\/\/uamd.edu.al\/en\/wp-json\/wp\/v2\/posts\/15427","targetHints":{"allow":["GET"]}}],"collection":[{"href":"https:\/\/uamd.edu.al\/en\/wp-json\/wp\/v2\/posts"}],"about":[{"href":"https:\/\/uamd.edu.al\/en\/wp-json\/wp\/v2\/types\/post"}],"author":[{"embeddable":true,"href":"https:\/\/uamd.edu.al\/en\/wp-json\/wp\/v2\/users\/1"}],"replies":[{"embeddable":true,"href":"https:\/\/uamd.edu.al\/en\/wp-json\/wp\/v2\/comments?post=15427"}],"version-history":[{"count":0,"href":"https:\/\/uamd.edu.al\/en\/wp-json\/wp\/v2\/posts\/15427\/revisions"}],"wp:featuredmedia":[{"embeddable":true,"href":"https:\/\/uamd.edu.al\/en\/wp-json\/wp\/v2\/media\/15428"}],"wp:attachment":[{"href":"https:\/\/uamd.edu.al\/en\/wp-json\/wp\/v2\/media?parent=15427"}],"wp:term":[{"taxonomy":"category","embeddable":true,"href":"https:\/\/uamd.edu.al\/en\/wp-json\/wp\/v2\/categories?post=15427"},{"taxonomy":"post_tag","embeddable":true,"href":"https:\/\/uamd.edu.al\/en\/wp-json\/wp\/v2\/tags?post=15427"}],"curies":[{"name":"wp","href":"https:\/\/api.w.org\/{rel}","templated":true}]}}