{"id":15110,"date":"2024-11-26T11:15:15","date_gmt":"2024-11-26T11:15:15","guid":{"rendered":"https:\/\/uamd.edu.al\/?p=15110"},"modified":"2024-11-26T11:24:17","modified_gmt":"2024-11-26T11:24:17","slug":"uamd-dhe-drkk-durres-bashke-per-promovimin-e-historise-dhe-kultures-kombetare","status":"publish","type":"post","link":"https:\/\/uamd.edu.al\/en\/uamd-dhe-drkk-durres-bashke-per-promovimin-e-historise-dhe-kultures-kombetare\/","title":{"rendered":"UAMD and DRKK Durr\u00ebs Together for the Promotion of National History and Culture."},"content":{"rendered":"<p><strong>The Rector of the \u201cAleksand\u00ebr Moisiu\u201d University of Durr\u00ebs (UAMD), Prof. Dr. Shk\u00eblqim Fortuzi, held a fruitful meeting with Mr. Alban Ranohitaj, Director of the Regional Directorate of National Culture in Durr\u00ebs, and Prof. Dr. Afrim Hoti.<\/strong> The focus of the meeting was on discussions on concrete collaborations that will bring significant benefits to students, faculty, and the community of the city of Durr\u00ebs.<\/p>\n\n\n\n<h3 class=\"wp-block-heading\">Opening of an Archaeological Pavilion on the UAMD Premises<\/h3>\n\n\n\n<p>One of the most significant decisions of this meeting was <strong>opening of an archaeological museum pavilion<\/strong> within the premises of the \"Aleksand\u00ebr Moisiu\" University. This project aims to:<\/p>\n\n\n\n<ul class=\"wp-block-list\">\n<li><strong>Strengthen relationships<\/strong> between UAMD and public institutions in Durr\u00ebs.<\/li>\n\n\n\n<li><strong>Promote national history and culture<\/strong>, bringing them closer to the younger generations and the community.<\/li>\n\n\n\n<li><strong>Create a unique educational space<\/strong>, where students and faculty can explore Albania's archaeological heritage.<\/li>\n<\/ul>\n\n\n\n<h4 class=\"wp-block-heading\">A New Approach to Cultural Heritage<\/h4>\n\n\n\n<p>UAMD remains an institution committed to preserving and promoting national values. Through this collaboration, the university aims to:<\/p>\n\n\n\n<ul class=\"wp-block-list\">\n<li>Put academic and professional capacities to use for the preservation of cultural heritage.<\/li>\n\n\n\n<li><strong>Raise awareness among students and the community about the importance of national heritage.<\/strong><\/li>\n\n\n\n<li>Show a positive image of Albanian culture in Europe and beyond.<\/li>\n<\/ul>\n\n\n\n<h4 class=\"wp-block-heading\">Benefits for Students and the Community<\/h4>\n\n\n\n<p>The pavilion opening will offer:<\/p>\n\n\n\n<ul class=\"wp-block-list\">\n<li><strong>Educational opportunities<\/strong> for students, integrating culture and history into academic programs.<\/li>\n\n\n\n<li><strong>A new cultural destination for the community<\/strong>, where the citizens of Durr\u00ebs can learn more about their history.<\/li>\n\n\n\n<li><strong>Development of research projects<\/strong> in collaboration with the Regional Directorate of National Culture.<\/li>\n<\/ul>\n\n\n\n<h3 class=\"wp-block-heading\">CONCLUSiON<\/h3>\n\n\n\n<p><strong>\"Aleksand\u00ebr Moisiu\" University of Durr\u00ebs continues to show high commitment to contributing to the preservation of national identity and the promotion of cultural heritage.<\/strong> The opening of the archaeological pavilion on the university premises represents an important step towards integrating education with Albania's historical and cultural heritage. Through this collaboration and the educational space it offers, the university aims to convey the Albanian cultural heritage to Europe and beyond.<\/p>","protected":false},"excerpt":{"rendered":"<p>Rektori i Universitetit \u201cAleksand\u00ebr Moisiu\u201d Durr\u00ebs (UAMD), Prof. Dr. Shk\u00eblqim Fortuzi, zhvilloi nj\u00eb takim t\u00eb frytsh\u00ebm me Z. Alban Ranohitaj, [&hellip;]<\/p>\n","protected":false},"author":1,"featured_media":15111,"comment_status":"closed","ping_status":"closed","sticky":false,"template":"","format":"standard","meta":{"footnotes":""},"categories":[1],"tags":[],"class_list":["post-15110","post","type-post","status-publish","format-standard","has-post-thumbnail","hentry","category-lajme_uamd"],"yoast_head":"<!-- This site is optimized with the Yoast SEO plugin v27.4 - https:\/\/yoast.com\/product\/yoast-seo-wordpress\/ -->\n<title>UAMD dhe DRKK Durr\u00ebs Bashk\u00eb p\u00ebr Promovimin e Historis\u00eb dhe Kultur\u00ebs Komb\u00ebtare. - Universiteti &quot;Aleksand\u00ebr Moisiu&quot;<\/title>\n<meta name=\"description\" content=\"Zbuloni nism\u00ebn e re t\u00eb UAMD-s\u00eb: hapjen e nj\u00eb pavioni arkeologjik n\u00eb universitet. Nj\u00eb hap\u00ebsir\u00eb q\u00eb promovon trash\u00ebgimin\u00eb kulturore dhe forcon marr\u00ebdh\u00ebniet me institucionet publike t\u00eb Durr\u00ebsit.\" \/>\n<meta name=\"robots\" content=\"index, follow, max-snippet:-1, max-image-preview:large, max-video-preview:-1\" \/>\n<link rel=\"canonical\" href=\"https:\/\/uamd.edu.al\/en\/uamd-dhe-drkk-durres-bashke-per-promovimin-e-historise-dhe-kultures-kombetare\/\" \/>\n<meta property=\"og:locale\" content=\"en_US\" \/>\n<meta property=\"og:type\" content=\"article\" \/>\n<meta property=\"og:title\" content=\"UAMD dhe DRKK Durr\u00ebs Bashk\u00eb p\u00ebr Promovimin e Historis\u00eb dhe Kultur\u00ebs Komb\u00ebtare. - Universiteti &quot;Aleksand\u00ebr Moisiu&quot;\" \/>\n<meta property=\"og:description\" content=\"Zbuloni nism\u00ebn e re t\u00eb UAMD-s\u00eb: hapjen e nj\u00eb pavioni arkeologjik n\u00eb universitet. Nj\u00eb hap\u00ebsir\u00eb q\u00eb promovon trash\u00ebgimin\u00eb kulturore dhe forcon marr\u00ebdh\u00ebniet me institucionet publike t\u00eb Durr\u00ebsit.\" \/>\n<meta property=\"og:url\" content=\"https:\/\/uamd.edu.al\/en\/uamd-dhe-drkk-durres-bashke-per-promovimin-e-historise-dhe-kultures-kombetare\/\" \/>\n<meta property=\"og:site_name\" content=\"Universiteti &quot;Aleksand\u00ebr Moisiu&quot;\" \/>\n<meta property=\"article:publisher\" content=\"https:\/\/www.instagram.com\/uamdofficial\/\" \/>\n<meta property=\"article:published_time\" content=\"2024-11-26T11:15:15+00:00\" \/>\n<meta property=\"article:modified_time\" content=\"2024-11-26T11:24:17+00:00\" \/>\n<meta property=\"og:image\" content=\"https:\/\/uamd.edu.al\/wp-content\/uploads\/2024\/11\/WhatsApp-Image-2024-11-26-at-11.03.14.jpeg\" \/>\n\t<meta property=\"og:image:width\" content=\"960\" \/>\n\t<meta property=\"og:image:height\" content=\"1102\" \/>\n\t<meta property=\"og:image:type\" content=\"image\/jpeg\" \/>\n<meta name=\"author\" content=\"UAMD\" \/>\n<meta name=\"twitter:card\" content=\"summary_large_image\" \/>\n<meta name=\"twitter:creator\" content=\"@UAMDofficial\" \/>\n<meta name=\"twitter:site\" content=\"@UAMDofficial\" \/>\n<meta name=\"twitter:label1\" content=\"Written by\" \/>\n\t<meta name=\"twitter:data1\" content=\"UAMD\" \/>\n\t<meta name=\"twitter:label2\" content=\"Est. reading time\" \/>\n\t<meta name=\"twitter:data2\" content=\"2 minutes\" \/>\n<script type=\"application\/ld+json\" class=\"yoast-schema-graph\">{\"@context\":\"https:\\\/\\\/schema.org\",\"@graph\":[{\"@type\":\"Article\",\"@id\":\"https:\\\/\\\/uamd.edu.al\\\/uamd-dhe-drkk-durres-bashke-per-promovimin-e-historise-dhe-kultures-kombetare\\\/#article\",\"isPartOf\":{\"@id\":\"https:\\\/\\\/uamd.edu.al\\\/uamd-dhe-drkk-durres-bashke-per-promovimin-e-historise-dhe-kultures-kombetare\\\/\"},\"author\":{\"name\":\"UAMD\",\"@id\":\"https:\\\/\\\/uamd.edu.al\\\/#\\\/schema\\\/person\\\/a076a4b747e927966feea92dc24a8d09\"},\"headline\":\"UAMD dhe DRKK Durr\u00ebs Bashk\u00eb p\u00ebr Promovimin e Historis\u00eb dhe Kultur\u00ebs Komb\u00ebtare.\",\"datePublished\":\"2024-11-26T11:15:15+00:00\",\"dateModified\":\"2024-11-26T11:24:17+00:00\",\"mainEntityOfPage\":{\"@id\":\"https:\\\/\\\/uamd.edu.al\\\/uamd-dhe-drkk-durres-bashke-per-promovimin-e-historise-dhe-kultures-kombetare\\\/\"},\"wordCount\":419,\"publisher\":{\"@id\":\"https:\\\/\\\/uamd.edu.al\\\/#organization\"},\"image\":{\"@id\":\"https:\\\/\\\/uamd.edu.al\\\/uamd-dhe-drkk-durres-bashke-per-promovimin-e-historise-dhe-kultures-kombetare\\\/#primaryimage\"},\"thumbnailUrl\":\"https:\\\/\\\/uamd.edu.al\\\/wp-content\\\/uploads\\\/2024\\\/11\\\/WhatsApp-Image-2024-11-26-at-11.03.14.jpeg\",\"articleSection\":[\"Lajme\"],\"inLanguage\":\"en-US\"},{\"@type\":\"WebPage\",\"@id\":\"https:\\\/\\\/uamd.edu.al\\\/uamd-dhe-drkk-durres-bashke-per-promovimin-e-historise-dhe-kultures-kombetare\\\/\",\"url\":\"https:\\\/\\\/uamd.edu.al\\\/uamd-dhe-drkk-durres-bashke-per-promovimin-e-historise-dhe-kultures-kombetare\\\/\",\"name\":\"UAMD dhe DRKK Durr\u00ebs Bashk\u00eb p\u00ebr Promovimin e Historis\u00eb dhe Kultur\u00ebs Komb\u00ebtare. - Universiteti &quot;Aleksand\u00ebr Moisiu&quot;\",\"isPartOf\":{\"@id\":\"https:\\\/\\\/uamd.edu.al\\\/#website\"},\"primaryImageOfPage\":{\"@id\":\"https:\\\/\\\/uamd.edu.al\\\/uamd-dhe-drkk-durres-bashke-per-promovimin-e-historise-dhe-kultures-kombetare\\\/#primaryimage\"},\"image\":{\"@id\":\"https:\\\/\\\/uamd.edu.al\\\/uamd-dhe-drkk-durres-bashke-per-promovimin-e-historise-dhe-kultures-kombetare\\\/#primaryimage\"},\"thumbnailUrl\":\"https:\\\/\\\/uamd.edu.al\\\/wp-content\\\/uploads\\\/2024\\\/11\\\/WhatsApp-Image-2024-11-26-at-11.03.14.jpeg\",\"datePublished\":\"2024-11-26T11:15:15+00:00\",\"dateModified\":\"2024-11-26T11:24:17+00:00\",\"description\":\"Zbuloni nism\u00ebn e re t\u00eb UAMD-s\u00eb: hapjen e nj\u00eb pavioni arkeologjik n\u00eb universitet. Nj\u00eb hap\u00ebsir\u00eb q\u00eb promovon trash\u00ebgimin\u00eb kulturore dhe forcon marr\u00ebdh\u00ebniet me institucionet publike t\u00eb Durr\u00ebsit.\",\"breadcrumb\":{\"@id\":\"https:\\\/\\\/uamd.edu.al\\\/uamd-dhe-drkk-durres-bashke-per-promovimin-e-historise-dhe-kultures-kombetare\\\/#breadcrumb\"},\"inLanguage\":\"en-US\",\"potentialAction\":[{\"@type\":\"ReadAction\",\"target\":[\"https:\\\/\\\/uamd.edu.al\\\/uamd-dhe-drkk-durres-bashke-per-promovimin-e-historise-dhe-kultures-kombetare\\\/\"]}]},{\"@type\":\"ImageObject\",\"inLanguage\":\"en-US\",\"@id\":\"https:\\\/\\\/uamd.edu.al\\\/uamd-dhe-drkk-durres-bashke-per-promovimin-e-historise-dhe-kultures-kombetare\\\/#primaryimage\",\"url\":\"https:\\\/\\\/uamd.edu.al\\\/wp-content\\\/uploads\\\/2024\\\/11\\\/WhatsApp-Image-2024-11-26-at-11.03.14.jpeg\",\"contentUrl\":\"https:\\\/\\\/uamd.edu.al\\\/wp-content\\\/uploads\\\/2024\\\/11\\\/WhatsApp-Image-2024-11-26-at-11.03.14.jpeg\",\"width\":960,\"height\":1102},{\"@type\":\"BreadcrumbList\",\"@id\":\"https:\\\/\\\/uamd.edu.al\\\/uamd-dhe-drkk-durres-bashke-per-promovimin-e-historise-dhe-kultures-kombetare\\\/#breadcrumb\",\"itemListElement\":[{\"@type\":\"ListItem\",\"position\":1,\"name\":\"Home\",\"item\":\"https:\\\/\\\/uamd.edu.al\\\/\"},{\"@type\":\"ListItem\",\"position\":2,\"name\":\"UAMD dhe DRKK Durr\u00ebs Bashk\u00eb p\u00ebr Promovimin e Historis\u00eb dhe Kultur\u00ebs Komb\u00ebtare.\"}]},{\"@type\":\"WebSite\",\"@id\":\"https:\\\/\\\/uamd.edu.al\\\/#website\",\"url\":\"https:\\\/\\\/uamd.edu.al\\\/\",\"name\":\"Universiteti &quot;Aleksand\u00ebr Moisiu&quot;\",\"description\":\"\",\"publisher\":{\"@id\":\"https:\\\/\\\/uamd.edu.al\\\/#organization\"},\"potentialAction\":[{\"@type\":\"SearchAction\",\"target\":{\"@type\":\"EntryPoint\",\"urlTemplate\":\"https:\\\/\\\/uamd.edu.al\\\/?s={search_term_string}\"},\"query-input\":{\"@type\":\"PropertyValueSpecification\",\"valueRequired\":true,\"valueName\":\"search_term_string\"}}],\"inLanguage\":\"en-US\"},{\"@type\":\"Organization\",\"@id\":\"https:\\\/\\\/uamd.edu.al\\\/#organization\",\"name\":\"Universiteti Aleksand\u00ebr Moisiu\",\"url\":\"https:\\\/\\\/uamd.edu.al\\\/\",\"logo\":{\"@type\":\"ImageObject\",\"inLanguage\":\"en-US\",\"@id\":\"https:\\\/\\\/uamd.edu.al\\\/#\\\/schema\\\/logo\\\/image\\\/\",\"url\":\"https:\\\/\\\/uamd.edu.al\\\/wp-content\\\/uploads\\\/2022\\\/07\\\/cropped-Universiteti_i_Durresit__Aleksander_Moisiu_.svg.png\",\"contentUrl\":\"https:\\\/\\\/uamd.edu.al\\\/wp-content\\\/uploads\\\/2022\\\/07\\\/cropped-Universiteti_i_Durresit__Aleksander_Moisiu_.svg.png\",\"width\":512,\"height\":512,\"caption\":\"Universiteti Aleksand\u00ebr Moisiu\"},\"image\":{\"@id\":\"https:\\\/\\\/uamd.edu.al\\\/#\\\/schema\\\/logo\\\/image\\\/\"},\"sameAs\":[\"https:\\\/\\\/www.instagram.com\\\/uamdofficial\\\/\",\"https:\\\/\\\/x.com\\\/UAMDofficial\"]},{\"@type\":\"Person\",\"@id\":\"https:\\\/\\\/uamd.edu.al\\\/#\\\/schema\\\/person\\\/a076a4b747e927966feea92dc24a8d09\",\"name\":\"UAMD\",\"image\":{\"@type\":\"ImageObject\",\"inLanguage\":\"en-US\",\"@id\":\"https:\\\/\\\/secure.gravatar.com\\\/avatar\\\/fd78eebb23a69dd7e845854fcdb6f30474b639ec8c06379404de68231e01a95a?s=96&d=mm&r=g\",\"url\":\"https:\\\/\\\/secure.gravatar.com\\\/avatar\\\/fd78eebb23a69dd7e845854fcdb6f30474b639ec8c06379404de68231e01a95a?s=96&d=mm&r=g\",\"contentUrl\":\"https:\\\/\\\/secure.gravatar.com\\\/avatar\\\/fd78eebb23a69dd7e845854fcdb6f30474b639ec8c06379404de68231e01a95a?s=96&d=mm&r=g\",\"caption\":\"UAMD\"},\"sameAs\":[\"http:\\\/\\\/uamd.edu.al\\\/\"],\"url\":\"https:\\\/\\\/uamd.edu.al\\\/en\\\/author\\\/uamd_admin\\\/\"}]}<\/script>\n<!-- \/ Yoast SEO plugin. -->","yoast_head_json":{"title":"UAMD dhe DRKK Durr\u00ebs Bashk\u00eb p\u00ebr Promovimin e Historis\u00eb dhe Kultur\u00ebs Komb\u00ebtare. - Universiteti &quot;Aleksand\u00ebr Moisiu&quot;","description":"Zbuloni nism\u00ebn e re t\u00eb UAMD-s\u00eb: hapjen e nj\u00eb pavioni arkeologjik n\u00eb universitet. Nj\u00eb hap\u00ebsir\u00eb q\u00eb promovon trash\u00ebgimin\u00eb kulturore dhe forcon marr\u00ebdh\u00ebniet me institucionet publike t\u00eb Durr\u00ebsit.","robots":{"index":"index","follow":"follow","max-snippet":"max-snippet:-1","max-image-preview":"max-image-preview:large","max-video-preview":"max-video-preview:-1"},"canonical":"https:\/\/uamd.edu.al\/en\/uamd-dhe-drkk-durres-bashke-per-promovimin-e-historise-dhe-kultures-kombetare\/","og_locale":"en_US","og_type":"article","og_title":"UAMD dhe DRKK Durr\u00ebs Bashk\u00eb p\u00ebr Promovimin e Historis\u00eb dhe Kultur\u00ebs Komb\u00ebtare. - Universiteti &quot;Aleksand\u00ebr Moisiu&quot;","og_description":"Zbuloni nism\u00ebn e re t\u00eb UAMD-s\u00eb: hapjen e nj\u00eb pavioni arkeologjik n\u00eb universitet. Nj\u00eb hap\u00ebsir\u00eb q\u00eb promovon trash\u00ebgimin\u00eb kulturore dhe forcon marr\u00ebdh\u00ebniet me institucionet publike t\u00eb Durr\u00ebsit.","og_url":"https:\/\/uamd.edu.al\/en\/uamd-dhe-drkk-durres-bashke-per-promovimin-e-historise-dhe-kultures-kombetare\/","og_site_name":"Universiteti &quot;Aleksand\u00ebr Moisiu&quot;","article_publisher":"https:\/\/www.instagram.com\/uamdofficial\/","article_published_time":"2024-11-26T11:15:15+00:00","article_modified_time":"2024-11-26T11:24:17+00:00","og_image":[{"width":960,"height":1102,"url":"https:\/\/uamd.edu.al\/wp-content\/uploads\/2024\/11\/WhatsApp-Image-2024-11-26-at-11.03.14.jpeg","type":"image\/jpeg"}],"author":"UAMD","twitter_card":"summary_large_image","twitter_creator":"@UAMDofficial","twitter_site":"@UAMDofficial","twitter_misc":{"Written by":"UAMD","Est. reading time":"2 minutes"},"schema":{"@context":"https:\/\/schema.org","@graph":[{"@type":"Article","@id":"https:\/\/uamd.edu.al\/uamd-dhe-drkk-durres-bashke-per-promovimin-e-historise-dhe-kultures-kombetare\/#article","isPartOf":{"@id":"https:\/\/uamd.edu.al\/uamd-dhe-drkk-durres-bashke-per-promovimin-e-historise-dhe-kultures-kombetare\/"},"author":{"name":"UAMD","@id":"https:\/\/uamd.edu.al\/#\/schema\/person\/a076a4b747e927966feea92dc24a8d09"},"headline":"UAMD dhe DRKK Durr\u00ebs Bashk\u00eb p\u00ebr Promovimin e Historis\u00eb dhe Kultur\u00ebs Komb\u00ebtare.","datePublished":"2024-11-26T11:15:15+00:00","dateModified":"2024-11-26T11:24:17+00:00","mainEntityOfPage":{"@id":"https:\/\/uamd.edu.al\/uamd-dhe-drkk-durres-bashke-per-promovimin-e-historise-dhe-kultures-kombetare\/"},"wordCount":419,"publisher":{"@id":"https:\/\/uamd.edu.al\/#organization"},"image":{"@id":"https:\/\/uamd.edu.al\/uamd-dhe-drkk-durres-bashke-per-promovimin-e-historise-dhe-kultures-kombetare\/#primaryimage"},"thumbnailUrl":"https:\/\/uamd.edu.al\/wp-content\/uploads\/2024\/11\/WhatsApp-Image-2024-11-26-at-11.03.14.jpeg","articleSection":["Lajme"],"inLanguage":"en-US"},{"@type":"WebPage","@id":"https:\/\/uamd.edu.al\/uamd-dhe-drkk-durres-bashke-per-promovimin-e-historise-dhe-kultures-kombetare\/","url":"https:\/\/uamd.edu.al\/uamd-dhe-drkk-durres-bashke-per-promovimin-e-historise-dhe-kultures-kombetare\/","name":"UAMD dhe DRKK Durr\u00ebs Bashk\u00eb p\u00ebr Promovimin e Historis\u00eb dhe Kultur\u00ebs Komb\u00ebtare. - Universiteti &quot;Aleksand\u00ebr Moisiu&quot;","isPartOf":{"@id":"https:\/\/uamd.edu.al\/#website"},"primaryImageOfPage":{"@id":"https:\/\/uamd.edu.al\/uamd-dhe-drkk-durres-bashke-per-promovimin-e-historise-dhe-kultures-kombetare\/#primaryimage"},"image":{"@id":"https:\/\/uamd.edu.al\/uamd-dhe-drkk-durres-bashke-per-promovimin-e-historise-dhe-kultures-kombetare\/#primaryimage"},"thumbnailUrl":"https:\/\/uamd.edu.al\/wp-content\/uploads\/2024\/11\/WhatsApp-Image-2024-11-26-at-11.03.14.jpeg","datePublished":"2024-11-26T11:15:15+00:00","dateModified":"2024-11-26T11:24:17+00:00","description":"Zbuloni nism\u00ebn e re t\u00eb UAMD-s\u00eb: hapjen e nj\u00eb pavioni arkeologjik n\u00eb universitet. Nj\u00eb hap\u00ebsir\u00eb q\u00eb promovon trash\u00ebgimin\u00eb kulturore dhe forcon marr\u00ebdh\u00ebniet me institucionet publike t\u00eb Durr\u00ebsit.","breadcrumb":{"@id":"https:\/\/uamd.edu.al\/uamd-dhe-drkk-durres-bashke-per-promovimin-e-historise-dhe-kultures-kombetare\/#breadcrumb"},"inLanguage":"en-US","potentialAction":[{"@type":"ReadAction","target":["https:\/\/uamd.edu.al\/uamd-dhe-drkk-durres-bashke-per-promovimin-e-historise-dhe-kultures-kombetare\/"]}]},{"@type":"ImageObject","inLanguage":"en-US","@id":"https:\/\/uamd.edu.al\/uamd-dhe-drkk-durres-bashke-per-promovimin-e-historise-dhe-kultures-kombetare\/#primaryimage","url":"https:\/\/uamd.edu.al\/wp-content\/uploads\/2024\/11\/WhatsApp-Image-2024-11-26-at-11.03.14.jpeg","contentUrl":"https:\/\/uamd.edu.al\/wp-content\/uploads\/2024\/11\/WhatsApp-Image-2024-11-26-at-11.03.14.jpeg","width":960,"height":1102},{"@type":"BreadcrumbList","@id":"https:\/\/uamd.edu.al\/uamd-dhe-drkk-durres-bashke-per-promovimin-e-historise-dhe-kultures-kombetare\/#breadcrumb","itemListElement":[{"@type":"ListItem","position":1,"name":"Home","item":"https:\/\/uamd.edu.al\/"},{"@type":"ListItem","position":2,"name":"UAMD dhe DRKK Durr\u00ebs Bashk\u00eb p\u00ebr Promovimin e Historis\u00eb dhe Kultur\u00ebs Komb\u00ebtare."}]},{"@type":"WebSite","@id":"https:\/\/uamd.edu.al\/#website","url":"https:\/\/uamd.edu.al\/","name":"Universiteti &quot;Aleksand\u00ebr Moisiu&quot;","description":"","publisher":{"@id":"https:\/\/uamd.edu.al\/#organization"},"potentialAction":[{"@type":"SearchAction","target":{"@type":"EntryPoint","urlTemplate":"https:\/\/uamd.edu.al\/?s={search_term_string}"},"query-input":{"@type":"PropertyValueSpecification","valueRequired":true,"valueName":"search_term_string"}}],"inLanguage":"en-US"},{"@type":"Organization","@id":"https:\/\/uamd.edu.al\/#organization","name":"Universiteti Aleksand\u00ebr Moisiu","url":"https:\/\/uamd.edu.al\/","logo":{"@type":"ImageObject","inLanguage":"en-US","@id":"https:\/\/uamd.edu.al\/#\/schema\/logo\/image\/","url":"https:\/\/uamd.edu.al\/wp-content\/uploads\/2022\/07\/cropped-Universiteti_i_Durresit__Aleksander_Moisiu_.svg.png","contentUrl":"https:\/\/uamd.edu.al\/wp-content\/uploads\/2022\/07\/cropped-Universiteti_i_Durresit__Aleksander_Moisiu_.svg.png","width":512,"height":512,"caption":"Universiteti Aleksand\u00ebr Moisiu"},"image":{"@id":"https:\/\/uamd.edu.al\/#\/schema\/logo\/image\/"},"sameAs":["https:\/\/www.instagram.com\/uamdofficial\/","https:\/\/x.com\/UAMDofficial"]},{"@type":"Person","@id":"https:\/\/uamd.edu.al\/#\/schema\/person\/a076a4b747e927966feea92dc24a8d09","name":"UAMD","image":{"@type":"ImageObject","inLanguage":"en-US","@id":"https:\/\/secure.gravatar.com\/avatar\/fd78eebb23a69dd7e845854fcdb6f30474b639ec8c06379404de68231e01a95a?s=96&d=mm&r=g","url":"https:\/\/secure.gravatar.com\/avatar\/fd78eebb23a69dd7e845854fcdb6f30474b639ec8c06379404de68231e01a95a?s=96&d=mm&r=g","contentUrl":"https:\/\/secure.gravatar.com\/avatar\/fd78eebb23a69dd7e845854fcdb6f30474b639ec8c06379404de68231e01a95a?s=96&d=mm&r=g","caption":"UAMD"},"sameAs":["http:\/\/uamd.edu.al\/"],"url":"https:\/\/uamd.edu.al\/en\/author\/uamd_admin\/"}]}},"_links":{"self":[{"href":"https:\/\/uamd.edu.al\/en\/wp-json\/wp\/v2\/posts\/15110","targetHints":{"allow":["GET"]}}],"collection":[{"href":"https:\/\/uamd.edu.al\/en\/wp-json\/wp\/v2\/posts"}],"about":[{"href":"https:\/\/uamd.edu.al\/en\/wp-json\/wp\/v2\/types\/post"}],"author":[{"embeddable":true,"href":"https:\/\/uamd.edu.al\/en\/wp-json\/wp\/v2\/users\/1"}],"replies":[{"embeddable":true,"href":"https:\/\/uamd.edu.al\/en\/wp-json\/wp\/v2\/comments?post=15110"}],"version-history":[{"count":0,"href":"https:\/\/uamd.edu.al\/en\/wp-json\/wp\/v2\/posts\/15110\/revisions"}],"wp:featuredmedia":[{"embeddable":true,"href":"https:\/\/uamd.edu.al\/en\/wp-json\/wp\/v2\/media\/15111"}],"wp:attachment":[{"href":"https:\/\/uamd.edu.al\/en\/wp-json\/wp\/v2\/media?parent=15110"}],"wp:term":[{"taxonomy":"category","embeddable":true,"href":"https:\/\/uamd.edu.al\/en\/wp-json\/wp\/v2\/categories?post=15110"},{"taxonomy":"post_tag","embeddable":true,"href":"https:\/\/uamd.edu.al\/en\/wp-json\/wp\/v2\/tags?post=15110"}],"curies":[{"name":"wp","href":"https:\/\/api.w.org\/{rel}","templated":true}]}}